{"id":2475,"date":"2025-10-25T11:49:40","date_gmt":"2025-10-25T11:49:40","guid":{"rendered":"https:\/\/network.rvrising.com\/?p=2475"},"modified":"2025-10-25T11:49:40","modified_gmt":"2025-10-25T11:49:40","slug":"forum-hr-people-culture-2025","status":"publish","type":"post","link":"https:\/\/www.rvrising.com\/news\/business\/forum-hr-people-culture-2025\/","title":{"rendered":"FORUM HR &#8211; PEOPLE &#038; CULTURE 2025"},"content":{"rendered":"<p><span class=\"legendSpanClass\">MAILAND<\/span>, <span class=\"legendSpanClass\">23. Oktober 2025<\/span> \/PRNewswire\/ &#8212; <b>Mailand wird zur europ\u00e4ischen Hauptstadt der Arbeitskultur: Forum HR &#8211; People &amp; Culture 2025 \u00f6ffnet seine Tore f\u00fcr internationale Teilnehmer.<\/b><\/p>\n<div>\n<p>Das<b> Forum HR &#8211; People &amp; Culture 2025<\/b>, Italiens f\u00fchrende Veranstaltung \u00fcber die Zukunft der Arbeit und Organisationswandel, findet <b>vom 18.<\/b><b> bis 20.<\/b><b> November 2025 an der IULM-Universit\u00e4t in Mailand statt<\/b>.<\/p>\n<p>Das Forum, das nun bereits zum <b>19. Mal<\/b> stattfindet, hat sich von einer nationalen Veranstaltung zu einer <b>europ\u00e4ischen Plattform f\u00fcr die neue Arbeitskultur<\/b> entwickelt, die Menschen, Unternehmen und Innovationen miteinander verbindet.<\/p>\n<p><b>Co-Intelligenz: Die neue Kultur der Arbeit<\/b><\/p>\n<p>Das Thema f\u00fcr 2025 \u2013 \u201e<b>Co-Intelligence<\/b><b>&#8220;<\/b> \u2013 steht f\u00fcr die Schnittstelle zwischen menschlicher und k\u00fcnstlicher Intelligenz, zwischen technologischer Effizienz und menschlichen Werten.<br class=\"dnr\" \/>Es markiert einen Paradigmenwechsel: vom <i>Management von Ressourcen<\/i> hin zur <i>St\u00e4rkung von Menschen<\/i>, von individueller Leistung hin zu <i>kollektiver Intelligenz<\/i>.<\/p>\n<p>Das Forum wird <b>\u00fcber 3.000 Teilnehmer und mehr als 350 Referenten<\/b> zusammenbringen \u2013 darunter Personalleiter, Gesch\u00e4ftsf\u00fchrer, Wissenschaftler und Innovationsf\u00fchrer \u2013, die in <b>Talkshows, Keynotes, Workshops und Roundtable-Gespr\u00e4chen f\u00fcr F\u00fchrungskr\u00e4fte<\/b> diskutieren werden, wie Technologie, Kultur und Nachhaltigkeit die Arbeitswelt in Europa ver\u00e4ndern.<\/p>\n<p><b>Internationale Expansion und<\/b>\u00a0<b>kostenlose Registrierung<\/b><\/p>\n<p>Zum ersten Mal wird das Forum einen <b>internationalen HUB<\/b> mit <b>englischsprachigen Veranstaltungen<\/b> bieten, die von <b>C-Level-Rednern aus dem Personalwesen aus ganz Europa<\/b> geleitet und <b>live \u00fcbertragen werden auf <\/b><a href=\"https:\/\/www.comunicazioneitaliana.tv\/\" target=\"_blank\" rel=\"nofollow noopener\">www.comunicazioneitaliana.tv<\/a>.<\/p>\n<p>Diese Initiative zielt darauf ab, einen <b>grenz\u00fcberschreitenden Dialog \u00fcber Innovation, F\u00fchrung und nachhaltige Arbeitskultur zu f\u00f6rdern<\/b>.<\/p>\n<p><b>Die kostenlose Anmeldung<\/b> f\u00fcr internationale Teilnehmer ist hier m\u00f6glich:<br class=\"dnr\" \/><a href=\"https:\/\/docs.google.com\/forms\/d\/e\/1FAIpQLScJBH052HIbbcZF9Cncal_dCkg30eTV4B7zb_XUTL4FXMNDag\/viewform\" target=\"_blank\" rel=\"nofollow noopener\">Anmeldeformular<\/a><\/p>\n<p>\u201e<i>Durch die \u00d6ffnung des Forums f\u00fcr die internationale HR-Community best\u00e4tigt Mailand seine Position als europ\u00e4ische Hauptstadt des Dialogs \u00fcber Menschen und Kultur<\/i>&#8220;, erkl\u00e4rte <b>Fabrizio Cataldi<\/b>, Gr\u00fcnder von Comunicazione Italiana. \u201e<i>Unsere Mission ist es, menschliche Intelligenz, Technologie und Werte miteinander zu verbinden, um die Zukunft der Arbeit zu gestalten.&#8221;<\/i><\/p>\n<p><b>Informationen zu Comunicazione Italiana<\/b><\/p>\n<p>Comunicazione Italiana ist Italiens f\u00fchrendes Netzwerk f\u00fcr C-Level-F\u00fchrungskr\u00e4fte und Entscheidungstr\u00e4ger, das sich dem Wissensaustausch f\u00fcr Unternehmen und Interessenvertretung widmet.<br class=\"dnr\" \/>Es verbindet \u00fcber 240.000 Fachleute durch Veranstaltungen und Projekte, die Innovation, Nachhaltigkeit und menschenzentrierte F\u00fchrung f\u00f6rdern.<\/p>\n<p><a href=\"https:\/\/comunicazioneitaliana.it\/eventi\/forum-hr-2025\" target=\"_blank\" rel=\"nofollow noopener\">Offizielle Website<\/a><\/p>\n<p><b>Pressestelle:-<\/b> <br class=\"dnr\" \/><b>Giovanni Sacchitelli,\u00a0<\/b> <a href=\"http:\/\/www.prnewswire.com\/cdn-cgi\/l\/email-protection#c0a7a9afb6a1aeaea9eeb3a1a3a3a8a9b4a5acaca980a3afadb5aea9a3a1baa9afaea5a9b4a1aca9a1aea1eea9b4\" target=\"_blank\" rel=\"nofollow noopener\"><span class=\"__cf_email__\" data-cfemail=\"87e0eee8f1e6e9e9eea9f4e6e4e4efeef3e2ebebeec7e4e8eaf2e9eee4e6fdeee8e9e2eef3e6ebeee6e9e6a9eef3\">[email\u00a0protected]<\/span><\/a><\/p>\n<p>Foto: <a href=\"https:\/\/mma.prnewswire.com\/media\/2803642\/Event_Banner.jpg\" target=\"_blank\" rel=\"nofollow noopener\">https:\/\/mma.prnewswire.com\/media\/2803642\/Event_Banner.jpg<\/a><\/p>\n<\/div>\n<p><b>This release is auto-published via PR Newswire; our journal is not responsible for the content.<\/b><\/p>\n<p><a href=\"https:\/\/www.prnewswire.com\/news-releases\/forum-hr--people--culture-2025-302593163.html\">Source link <\/a><\/p>\n","protected":false},"excerpt":{"rendered":"<p>MAILAND, 23. Oktober 2025 \/PRNewswire\/ &#8212; Mailand wird zur europ\u00e4ischen Hauptstadt der Arbeitskultur: Forum HR &#8211; People &amp;<\/p>\n","protected":false},"author":1,"featured_media":0,"comment_status":"open","ping_status":"open","sticky":false,"template":"","format":"standard","meta":{"footnotes":""},"categories":[8,92],"tags":[680],"class_list":["post-2475","post","type-post","status-publish","format-standard","hentry","category-business","category-pr-newswire","tag-comunicazione-italiana"],"_links":{"self":[{"href":"https:\/\/www.rvrising.com\/news\/wp-json\/wp\/v2\/posts\/2475","targetHints":{"allow":["GET"]}}],"collection":[{"href":"https:\/\/www.rvrising.com\/news\/wp-json\/wp\/v2\/posts"}],"about":[{"href":"https:\/\/www.rvrising.com\/news\/wp-json\/wp\/v2\/types\/post"}],"author":[{"embeddable":true,"href":"https:\/\/www.rvrising.com\/news\/wp-json\/wp\/v2\/users\/1"}],"replies":[{"embeddable":true,"href":"https:\/\/www.rvrising.com\/news\/wp-json\/wp\/v2\/comments?post=2475"}],"version-history":[{"count":1,"href":"https:\/\/www.rvrising.com\/news\/wp-json\/wp\/v2\/posts\/2475\/revisions"}],"predecessor-version":[{"id":2569,"href":"https:\/\/www.rvrising.com\/news\/wp-json\/wp\/v2\/posts\/2475\/revisions\/2569"}],"wp:attachment":[{"href":"https:\/\/www.rvrising.com\/news\/wp-json\/wp\/v2\/media?parent=2475"}],"wp:term":[{"taxonomy":"category","embeddable":true,"href":"https:\/\/www.rvrising.com\/news\/wp-json\/wp\/v2\/categories?post=2475"},{"taxonomy":"post_tag","embeddable":true,"href":"https:\/\/www.rvrising.com\/news\/wp-json\/wp\/v2\/tags?post=2475"}],"curies":[{"name":"wp","href":"https:\/\/api.w.org\/{rel}","templated":true}]}}